{"id":696,"date":"2023-07-19T15:33:04","date_gmt":"2023-07-19T15:33:04","guid":{"rendered":"https:\/\/diplomat.ie\/?p=696"},"modified":"2023-07-19T15:33:04","modified_gmt":"2023-07-19T15:33:04","slug":"tanaiste-meets-president-ramaphosa-of-the-republic-of-south-africa-and-minister-pandor","status":"publish","type":"post","link":"https:\/\/diplomat.ie\/index.php\/2023\/07\/19\/tanaiste-meets-president-ramaphosa-of-the-republic-of-south-africa-and-minister-pandor\/","title":{"rendered":"T\u00e1naiste meets President Ramaphosa of the Republic of South Africa  and Minister Pandor"},"content":{"rendered":"<p>T\u00e1naiste, Minister for Foreign Affairs and Minister for Defence, Miche\u00e1l Martin TD met with the President of the Republic of\u00a0South Africa, Cyril Ramaphosa and Minister for International Relations and Cooperation, Naledi Pandor today (Tuesday)\u00a0during a series of engagements in Pretoria.<\/p>\n<div><img loading=\"lazy\" decoding=\"async\" class=\"aligncenter size-full wp-image-697\" src=\"http:\/\/diplomat.ie\/wp-content\/uploads\/2023\/07\/Minister-Pandor-3.jpg\" alt=\"\" width=\"982\" height=\"990\" srcset=\"https:\/\/diplomat.ie\/wp-content\/uploads\/2023\/07\/Minister-Pandor-3.jpg 982w, https:\/\/diplomat.ie\/wp-content\/uploads\/2023\/07\/Minister-Pandor-3-298x300.jpg 298w, https:\/\/diplomat.ie\/wp-content\/uploads\/2023\/07\/Minister-Pandor-3-150x150.jpg 150w, https:\/\/diplomat.ie\/wp-content\/uploads\/2023\/07\/Minister-Pandor-3-768x774.jpg 768w\" sizes=\"auto, (max-width: 982px) 100vw, 982px\" \/><\/div>\n<div><\/div>\n<div>During a visit to Waterkloof Airforce Base, the T\u00e1naiste and President Ramaphosa discussed the close bonds of friendship between the people of Ireland and South Africa, and trade links between our nations.<\/p>\n<p>The T\u00e1naiste updated President Ramaphosa on developments in Northern Ireland, and thanked him for his, and South Africa\u2019s, pivotal role in the peace process during the 1990s.<\/p>\n<p>The pair also discussed Russia\u2019s illegal invasion of Ukraine,\u00a0the Black Sea Grain Initiative, and the African Peace Initiative spearheaded by South Africa.<\/p>\n<p>Earlier, the T\u00e1naiste marked Mandela Day with Minister Pandor at the Bophelong Community Centre in Mamelodi, before wide-ranging discussions on bilateral relations, Russia\u2019s invasion of Ukraine, human rights, Women, Peace and Security, regional issues in Africa, and the Middle East.<\/p>\n<p>Speaking after the meetings, the T\u00e1naiste said:<\/p>\n<p>\u201cThe meetings with President Ramaphosa and Minister Pandor were a welcome opportunity to celebrate our two nation\u2019s enduring friendship on Mandela Day, a day when South Africa reflects on and commemorates Mandela\u2019s enduring legacy.<\/p>\n<p>\u201cI updated the President on developments in Northern Ireland and thanked him for his personal support and the support of South Africa during the peace process.<\/p>\n<p>\u201cWith Minister Pandor, we had a good discussion on strengthened cooperation in education, the importance of protecting Human Rights, regional issues in Africa, the Middle East, and Russia\u2019s illegal invasion of Ukraine.\u201d<\/p>\n<p>\u201cNext year, Ireland will host the Joint Commission on Cooperation in Dublin, which will allow us to take stock on the wide range of areas of cooperation between our two countries. I look forward to further increasing our close and excellent cooperation with south Africa in the future.\u201d<\/p><\/div>\n","protected":false},"excerpt":{"rendered":"<p>T\u00e1naiste, Minister for Foreign Affairs and Minister for Defence, Miche\u00e1l Martin TD met with the President of the Republic of\u00a0South Africa, Cyril Ramaphosa and Minister for International Relations and Cooperation, Naledi Pandor today (Tuesday)\u00a0during a series of engagements in Pretoria. During a visit to Waterkloof Airforce Base, the T\u00e1naiste and President Ramaphosa discussed the close&hellip;<\/p>\n","protected":false},"author":1,"featured_media":698,"comment_status":"closed","ping_status":"closed","sticky":false,"template":"","format":"standard","meta":{"footnotes":""},"categories":[3],"tags":[],"class_list":["post-696","post","type-post","status-publish","format-standard","has-post-thumbnail","hentry","category-latest-news","category-3","description-off"],"yoast_head":"<!-- This site is optimized with the Yoast SEO plugin v25.6 - https:\/\/yoast.com\/wordpress\/plugins\/seo\/ -->\n<title>T\u00e1naiste meets President Ramaphosa of the Republic of South Africa and Minister Pandor - Diplomat.ie<\/title>\n<meta name=\"robots\" content=\"index, follow, max-snippet:-1, max-image-preview:large, max-video-preview:-1\" \/>\n<link rel=\"canonical\" href=\"https:\/\/diplomat.ie\/index.php\/2023\/07\/19\/tanaiste-meets-president-ramaphosa-of-the-republic-of-south-africa-and-minister-pandor\/\" \/>\n<meta property=\"og:locale\" content=\"en_US\" \/>\n<meta property=\"og:type\" content=\"article\" \/>\n<meta property=\"og:title\" content=\"T\u00e1naiste meets President Ramaphosa of the Republic of South Africa and Minister Pandor - Diplomat.ie\" \/>\n<meta property=\"og:description\" content=\"T\u00e1naiste, Minister for Foreign Affairs and Minister for Defence, Miche\u00e1l Martin TD met with the President of the Republic of\u00a0South Africa, Cyril Ramaphosa and Minister for International Relations and Cooperation, Naledi Pandor today (Tuesday)\u00a0during a series of engagements in Pretoria. During a visit to Waterkloof Airforce Base, the T\u00e1naiste and President Ramaphosa discussed the close&hellip;\" \/>\n<meta property=\"og:url\" content=\"https:\/\/diplomat.ie\/index.php\/2023\/07\/19\/tanaiste-meets-president-ramaphosa-of-the-republic-of-south-africa-and-minister-pandor\/\" \/>\n<meta property=\"og:site_name\" content=\"Diplomat.ie\" \/>\n<meta property=\"article:published_time\" content=\"2023-07-19T15:33:04+00:00\" \/>\n<meta property=\"og:image\" content=\"http:\/\/diplomat.ie\/wp-content\/uploads\/2023\/07\/President-of-South-Africa.jpg\" \/>\n\t<meta property=\"og:image:width\" content=\"960\" \/>\n\t<meta property=\"og:image:height\" content=\"540\" \/>\n\t<meta property=\"og:image:type\" content=\"image\/jpeg\" \/>\n<meta name=\"author\" content=\"No1Diplomat\" \/>\n<meta name=\"twitter:card\" content=\"summary_large_image\" \/>\n<meta name=\"twitter:label1\" content=\"Written by\" \/>\n\t<meta name=\"twitter:data1\" content=\"No1Diplomat\" \/>\n\t<meta name=\"twitter:label2\" content=\"Est. reading time\" \/>\n\t<meta name=\"twitter:data2\" content=\"2 minutes\" \/>\n<script type=\"application\/ld+json\" class=\"yoast-schema-graph\">{\"@context\":\"https:\/\/schema.org\",\"@graph\":[{\"@type\":\"WebPage\",\"@id\":\"https:\/\/diplomat.ie\/index.php\/2023\/07\/19\/tanaiste-meets-president-ramaphosa-of-the-republic-of-south-africa-and-minister-pandor\/\",\"url\":\"https:\/\/diplomat.ie\/index.php\/2023\/07\/19\/tanaiste-meets-president-ramaphosa-of-the-republic-of-south-africa-and-minister-pandor\/\",\"name\":\"T\u00e1naiste meets President Ramaphosa of the Republic of South Africa and Minister Pandor - Diplomat.ie\",\"isPartOf\":{\"@id\":\"https:\/\/diplomat.ie\/#website\"},\"primaryImageOfPage\":{\"@id\":\"https:\/\/diplomat.ie\/index.php\/2023\/07\/19\/tanaiste-meets-president-ramaphosa-of-the-republic-of-south-africa-and-minister-pandor\/#primaryimage\"},\"image\":{\"@id\":\"https:\/\/diplomat.ie\/index.php\/2023\/07\/19\/tanaiste-meets-president-ramaphosa-of-the-republic-of-south-africa-and-minister-pandor\/#primaryimage\"},\"thumbnailUrl\":\"https:\/\/diplomat.ie\/wp-content\/uploads\/2023\/07\/President-of-South-Africa.jpg\",\"datePublished\":\"2023-07-19T15:33:04+00:00\",\"author\":{\"@id\":\"https:\/\/diplomat.ie\/#\/schema\/person\/d749373102f61a4fa79486b27250a9b0\"},\"breadcrumb\":{\"@id\":\"https:\/\/diplomat.ie\/index.php\/2023\/07\/19\/tanaiste-meets-president-ramaphosa-of-the-republic-of-south-africa-and-minister-pandor\/#breadcrumb\"},\"inLanguage\":\"en-US\",\"potentialAction\":[{\"@type\":\"ReadAction\",\"target\":[\"https:\/\/diplomat.ie\/index.php\/2023\/07\/19\/tanaiste-meets-president-ramaphosa-of-the-republic-of-south-africa-and-minister-pandor\/\"]}]},{\"@type\":\"ImageObject\",\"inLanguage\":\"en-US\",\"@id\":\"https:\/\/diplomat.ie\/index.php\/2023\/07\/19\/tanaiste-meets-president-ramaphosa-of-the-republic-of-south-africa-and-minister-pandor\/#primaryimage\",\"url\":\"https:\/\/diplomat.ie\/wp-content\/uploads\/2023\/07\/President-of-South-Africa.jpg\",\"contentUrl\":\"https:\/\/diplomat.ie\/wp-content\/uploads\/2023\/07\/President-of-South-Africa.jpg\",\"width\":960,\"height\":540},{\"@type\":\"BreadcrumbList\",\"@id\":\"https:\/\/diplomat.ie\/index.php\/2023\/07\/19\/tanaiste-meets-president-ramaphosa-of-the-republic-of-south-africa-and-minister-pandor\/#breadcrumb\",\"itemListElement\":[{\"@type\":\"ListItem\",\"position\":1,\"name\":\"Home\",\"item\":\"https:\/\/diplomat.ie\/\"},{\"@type\":\"ListItem\",\"position\":2,\"name\":\"T\u00e1naiste meets President Ramaphosa of the Republic of South Africa and Minister Pandor\"}]},{\"@type\":\"WebSite\",\"@id\":\"https:\/\/diplomat.ie\/#website\",\"url\":\"https:\/\/diplomat.ie\/\",\"name\":\"Diplomat.ie\",\"description\":\"Ireland&#039;s Diplomatic News Site\",\"potentialAction\":[{\"@type\":\"SearchAction\",\"target\":{\"@type\":\"EntryPoint\",\"urlTemplate\":\"https:\/\/diplomat.ie\/?s={search_term_string}\"},\"query-input\":{\"@type\":\"PropertyValueSpecification\",\"valueRequired\":true,\"valueName\":\"search_term_string\"}}],\"inLanguage\":\"en-US\"},{\"@type\":\"Person\",\"@id\":\"https:\/\/diplomat.ie\/#\/schema\/person\/d749373102f61a4fa79486b27250a9b0\",\"name\":\"No1Diplomat\",\"image\":{\"@type\":\"ImageObject\",\"inLanguage\":\"en-US\",\"@id\":\"https:\/\/diplomat.ie\/#\/schema\/person\/image\/\",\"url\":\"https:\/\/secure.gravatar.com\/avatar\/a33c05b239c97263fe073bc3902bb13adceb67fd301bcc257628f3ce3c62c6b2?s=96&d=mm&r=g\",\"contentUrl\":\"https:\/\/secure.gravatar.com\/avatar\/a33c05b239c97263fe073bc3902bb13adceb67fd301bcc257628f3ce3c62c6b2?s=96&d=mm&r=g\",\"caption\":\"No1Diplomat\"},\"sameAs\":[\"http:\/\/diplomat.ie\"],\"url\":\"https:\/\/diplomat.ie\/index.php\/author\/no1diplomat\/\"}]}<\/script>\n<!-- \/ Yoast SEO plugin. -->","yoast_head_json":{"title":"T\u00e1naiste meets President Ramaphosa of the Republic of South Africa and Minister Pandor - Diplomat.ie","robots":{"index":"index","follow":"follow","max-snippet":"max-snippet:-1","max-image-preview":"max-image-preview:large","max-video-preview":"max-video-preview:-1"},"canonical":"https:\/\/diplomat.ie\/index.php\/2023\/07\/19\/tanaiste-meets-president-ramaphosa-of-the-republic-of-south-africa-and-minister-pandor\/","og_locale":"en_US","og_type":"article","og_title":"T\u00e1naiste meets President Ramaphosa of the Republic of South Africa and Minister Pandor - Diplomat.ie","og_description":"T\u00e1naiste, Minister for Foreign Affairs and Minister for Defence, Miche\u00e1l Martin TD met with the President of the Republic of\u00a0South Africa, Cyril Ramaphosa and Minister for International Relations and Cooperation, Naledi Pandor today (Tuesday)\u00a0during a series of engagements in Pretoria. During a visit to Waterkloof Airforce Base, the T\u00e1naiste and President Ramaphosa discussed the close&hellip;","og_url":"https:\/\/diplomat.ie\/index.php\/2023\/07\/19\/tanaiste-meets-president-ramaphosa-of-the-republic-of-south-africa-and-minister-pandor\/","og_site_name":"Diplomat.ie","article_published_time":"2023-07-19T15:33:04+00:00","og_image":[{"width":960,"height":540,"url":"http:\/\/diplomat.ie\/wp-content\/uploads\/2023\/07\/President-of-South-Africa.jpg","type":"image\/jpeg"}],"author":"No1Diplomat","twitter_card":"summary_large_image","twitter_misc":{"Written by":"No1Diplomat","Est. reading time":"2 minutes"},"schema":{"@context":"https:\/\/schema.org","@graph":[{"@type":"WebPage","@id":"https:\/\/diplomat.ie\/index.php\/2023\/07\/19\/tanaiste-meets-president-ramaphosa-of-the-republic-of-south-africa-and-minister-pandor\/","url":"https:\/\/diplomat.ie\/index.php\/2023\/07\/19\/tanaiste-meets-president-ramaphosa-of-the-republic-of-south-africa-and-minister-pandor\/","name":"T\u00e1naiste meets President Ramaphosa of the Republic of South Africa and Minister Pandor - Diplomat.ie","isPartOf":{"@id":"https:\/\/diplomat.ie\/#website"},"primaryImageOfPage":{"@id":"https:\/\/diplomat.ie\/index.php\/2023\/07\/19\/tanaiste-meets-president-ramaphosa-of-the-republic-of-south-africa-and-minister-pandor\/#primaryimage"},"image":{"@id":"https:\/\/diplomat.ie\/index.php\/2023\/07\/19\/tanaiste-meets-president-ramaphosa-of-the-republic-of-south-africa-and-minister-pandor\/#primaryimage"},"thumbnailUrl":"https:\/\/diplomat.ie\/wp-content\/uploads\/2023\/07\/President-of-South-Africa.jpg","datePublished":"2023-07-19T15:33:04+00:00","author":{"@id":"https:\/\/diplomat.ie\/#\/schema\/person\/d749373102f61a4fa79486b27250a9b0"},"breadcrumb":{"@id":"https:\/\/diplomat.ie\/index.php\/2023\/07\/19\/tanaiste-meets-president-ramaphosa-of-the-republic-of-south-africa-and-minister-pandor\/#breadcrumb"},"inLanguage":"en-US","potentialAction":[{"@type":"ReadAction","target":["https:\/\/diplomat.ie\/index.php\/2023\/07\/19\/tanaiste-meets-president-ramaphosa-of-the-republic-of-south-africa-and-minister-pandor\/"]}]},{"@type":"ImageObject","inLanguage":"en-US","@id":"https:\/\/diplomat.ie\/index.php\/2023\/07\/19\/tanaiste-meets-president-ramaphosa-of-the-republic-of-south-africa-and-minister-pandor\/#primaryimage","url":"https:\/\/diplomat.ie\/wp-content\/uploads\/2023\/07\/President-of-South-Africa.jpg","contentUrl":"https:\/\/diplomat.ie\/wp-content\/uploads\/2023\/07\/President-of-South-Africa.jpg","width":960,"height":540},{"@type":"BreadcrumbList","@id":"https:\/\/diplomat.ie\/index.php\/2023\/07\/19\/tanaiste-meets-president-ramaphosa-of-the-republic-of-south-africa-and-minister-pandor\/#breadcrumb","itemListElement":[{"@type":"ListItem","position":1,"name":"Home","item":"https:\/\/diplomat.ie\/"},{"@type":"ListItem","position":2,"name":"T\u00e1naiste meets President Ramaphosa of the Republic of South Africa and Minister Pandor"}]},{"@type":"WebSite","@id":"https:\/\/diplomat.ie\/#website","url":"https:\/\/diplomat.ie\/","name":"Diplomat.ie","description":"Ireland&#039;s Diplomatic News Site","potentialAction":[{"@type":"SearchAction","target":{"@type":"EntryPoint","urlTemplate":"https:\/\/diplomat.ie\/?s={search_term_string}"},"query-input":{"@type":"PropertyValueSpecification","valueRequired":true,"valueName":"search_term_string"}}],"inLanguage":"en-US"},{"@type":"Person","@id":"https:\/\/diplomat.ie\/#\/schema\/person\/d749373102f61a4fa79486b27250a9b0","name":"No1Diplomat","image":{"@type":"ImageObject","inLanguage":"en-US","@id":"https:\/\/diplomat.ie\/#\/schema\/person\/image\/","url":"https:\/\/secure.gravatar.com\/avatar\/a33c05b239c97263fe073bc3902bb13adceb67fd301bcc257628f3ce3c62c6b2?s=96&d=mm&r=g","contentUrl":"https:\/\/secure.gravatar.com\/avatar\/a33c05b239c97263fe073bc3902bb13adceb67fd301bcc257628f3ce3c62c6b2?s=96&d=mm&r=g","caption":"No1Diplomat"},"sameAs":["http:\/\/diplomat.ie"],"url":"https:\/\/diplomat.ie\/index.php\/author\/no1diplomat\/"}]}},"rttpg_featured_image_url":{"full":["https:\/\/diplomat.ie\/wp-content\/uploads\/2023\/07\/President-of-South-Africa.jpg",960,540,false],"landscape":["https:\/\/diplomat.ie\/wp-content\/uploads\/2023\/07\/President-of-South-Africa.jpg",960,540,false],"portraits":["https:\/\/diplomat.ie\/wp-content\/uploads\/2023\/07\/President-of-South-Africa.jpg",960,540,false],"thumbnail":["https:\/\/diplomat.ie\/wp-content\/uploads\/2023\/07\/President-of-South-Africa-150x150.jpg",150,150,true],"medium":["https:\/\/diplomat.ie\/wp-content\/uploads\/2023\/07\/President-of-South-Africa-300x169.jpg",300,169,true],"large":["https:\/\/diplomat.ie\/wp-content\/uploads\/2023\/07\/President-of-South-Africa.jpg",960,540,false],"1536x1536":["https:\/\/diplomat.ie\/wp-content\/uploads\/2023\/07\/President-of-South-Africa.jpg",960,540,false],"2048x2048":["https:\/\/diplomat.ie\/wp-content\/uploads\/2023\/07\/President-of-South-Africa.jpg",960,540,false]},"rttpg_author":{"display_name":"No1Diplomat","author_link":"https:\/\/diplomat.ie\/index.php\/author\/no1diplomat\/"},"rttpg_comment":0,"rttpg_category":"<a href=\"https:\/\/diplomat.ie\/index.php\/category\/latest-news\/\" rel=\"category tag\">Latest News<\/a>","rttpg_excerpt":"T\u00e1naiste, Minister for Foreign Affairs and Minister for Defence, Miche\u00e1l Martin TD met with the President of the Republic of\u00a0South Africa, Cyril Ramaphosa and Minister for International Relations and Cooperation, Naledi Pandor today (Tuesday)\u00a0during a series of engagements in Pretoria. During a visit to Waterkloof Airforce Base, the T\u00e1naiste and President Ramaphosa discussed the close&hellip;","_links":{"self":[{"href":"https:\/\/diplomat.ie\/index.php\/wp-json\/wp\/v2\/posts\/696","targetHints":{"allow":["GET"]}}],"collection":[{"href":"https:\/\/diplomat.ie\/index.php\/wp-json\/wp\/v2\/posts"}],"about":[{"href":"https:\/\/diplomat.ie\/index.php\/wp-json\/wp\/v2\/types\/post"}],"author":[{"embeddable":true,"href":"https:\/\/diplomat.ie\/index.php\/wp-json\/wp\/v2\/users\/1"}],"replies":[{"embeddable":true,"href":"https:\/\/diplomat.ie\/index.php\/wp-json\/wp\/v2\/comments?post=696"}],"version-history":[{"count":1,"href":"https:\/\/diplomat.ie\/index.php\/wp-json\/wp\/v2\/posts\/696\/revisions"}],"predecessor-version":[{"id":699,"href":"https:\/\/diplomat.ie\/index.php\/wp-json\/wp\/v2\/posts\/696\/revisions\/699"}],"wp:featuredmedia":[{"embeddable":true,"href":"https:\/\/diplomat.ie\/index.php\/wp-json\/wp\/v2\/media\/698"}],"wp:attachment":[{"href":"https:\/\/diplomat.ie\/index.php\/wp-json\/wp\/v2\/media?parent=696"}],"wp:term":[{"taxonomy":"category","embeddable":true,"href":"https:\/\/diplomat.ie\/index.php\/wp-json\/wp\/v2\/categories?post=696"},{"taxonomy":"post_tag","embeddable":true,"href":"https:\/\/diplomat.ie\/index.php\/wp-json\/wp\/v2\/tags?post=696"}],"curies":[{"name":"wp","href":"https:\/\/api.w.org\/{rel}","templated":true}]}}