{"id":717,"date":"2023-08-29T13:38:59","date_gmt":"2023-08-29T13:38:59","guid":{"rendered":"https:\/\/diplomat.ie\/?p=717"},"modified":"2023-08-29T13:38:59","modified_gmt":"2023-08-29T13:38:59","slug":"tanaiste-to-attend-informal-meetings-of-eu-ministers-for-defence-and-foreign-affairs","status":"publish","type":"post","link":"https:\/\/diplomat.ie\/index.php\/2023\/08\/29\/tanaiste-to-attend-informal-meetings-of-eu-ministers-for-defence-and-foreign-affairs\/","title":{"rendered":"T\u00e1naiste to attend informal meetings of EU Ministers for Defence and Foreign Affairs"},"content":{"rendered":"<p style=\"font-weight: 400;\">T\u00e1naiste, Minister for Foreign Affairs and Minister for Defence, Miche\u00e1l Martin TD will attend informal meetings of EU Ministers for Defence and Ministers for Foreign Affairs hosted by Spain in Toledo, in their capacity as the current Presidency of the Council of the European Union.<\/p>\n<p style=\"font-weight: 400;\">EU Defence Ministers will meet on 29-30 August, while discussions between Ministers for Foreign Affairs will take place on 30-31 August. Both high-level meetings will provide an important opportunity for coordination of the EU\u2019s response to the latest developments in the Russian invasion of Ukraine, and in Niger.<\/p>\n<p style=\"font-weight: 400;\">Ukrainian Minister for Defence, Oleksii Reznikov is expected to brief EU Defence Ministers on recent developments in Ukraine during the Informal Defence Ministerial. Representatives of the UN and NATO are also scheduled to attend. The Ministers for Foreign Affairs of both Ukraine and Niger will also join their EU counterparts for their discussions.<\/p>\n<p style=\"font-weight: 400;\">The ongoing Russian aggression in Ukraine is likely to dominate discussions at both meetings. Speaking ahead of those discussions, the T\u00e1naiste said: \u201cUkraine continues to face enormous challenges in the face of Russian aggression. The EU has repeatedly sent strong messages of our continuing determination and abiding commitment to Ukraine\u2019s sovereignty and territorial integrity, and I look forward to these discussions, as they offer us an important opportunity to practically coordinate and implement the many different initiatives and assistance measures we are taking collectively.<\/p>\n<p style=\"font-weight: 400;\">We must remain resolute in our commitment to stand with Ukraine and these discussions provide us with an opportunity to demonstrate our commitment to Ukraine\u2019s freedom and democracy.\u201d<\/p>\n<p style=\"font-weight: 400;\">Commenting ahead of discussions on Niger, the T\u00e1naiste said: \u201cThe situation in Niger is extremely grave and the EU has made clear its firm condemnation of the coup in Niger. Discussions over the next few days will allow us the opportunity to assess how the EU can be most effective in ensuring a return to democratic government, and support regional leaders in their efforts. The EU will continue to provide humanitarian aid and to stand alongside the people of Niger, in particular in its commitment to their human rights.\u201d<\/p>\n","protected":false},"excerpt":{"rendered":"<p>T\u00e1naiste, Minister for Foreign Affairs and Minister for Defence, Miche\u00e1l Martin TD will attend informal meetings of EU Ministers for Defence and Ministers for Foreign Affairs hosted by Spain in Toledo, in their capacity as the current Presidency of the Council of the European Union. EU Defence Ministers will meet on 29-30 August, while discussions&hellip;<\/p>\n","protected":false},"author":1,"featured_media":586,"comment_status":"closed","ping_status":"closed","sticky":false,"template":"","format":"standard","meta":{"footnotes":""},"categories":[3],"tags":[],"class_list":["post-717","post","type-post","status-publish","format-standard","has-post-thumbnail","hentry","category-latest-news","category-3","description-off"],"yoast_head":"<!-- This site is optimized with the Yoast SEO plugin v25.6 - https:\/\/yoast.com\/wordpress\/plugins\/seo\/ -->\n<title>T\u00e1naiste to attend informal meetings of EU Ministers for Defence and Foreign Affairs - Diplomat.ie<\/title>\n<meta name=\"robots\" content=\"index, follow, max-snippet:-1, max-image-preview:large, max-video-preview:-1\" \/>\n<link rel=\"canonical\" href=\"https:\/\/diplomat.ie\/index.php\/2023\/08\/29\/tanaiste-to-attend-informal-meetings-of-eu-ministers-for-defence-and-foreign-affairs\/\" \/>\n<meta property=\"og:locale\" content=\"en_US\" \/>\n<meta property=\"og:type\" content=\"article\" \/>\n<meta property=\"og:title\" content=\"T\u00e1naiste to attend informal meetings of EU Ministers for Defence and Foreign Affairs - Diplomat.ie\" \/>\n<meta property=\"og:description\" content=\"T\u00e1naiste, Minister for Foreign Affairs and Minister for Defence, Miche\u00e1l Martin TD will attend informal meetings of EU Ministers for Defence and Ministers for Foreign Affairs hosted by Spain in Toledo, in their capacity as the current Presidency of the Council of the European Union. EU Defence Ministers will meet on 29-30 August, while discussions&hellip;\" \/>\n<meta property=\"og:url\" content=\"https:\/\/diplomat.ie\/index.php\/2023\/08\/29\/tanaiste-to-attend-informal-meetings-of-eu-ministers-for-defence-and-foreign-affairs\/\" \/>\n<meta property=\"og:site_name\" content=\"Diplomat.ie\" \/>\n<meta property=\"article:published_time\" content=\"2023-08-29T13:38:59+00:00\" \/>\n<meta property=\"og:image\" content=\"http:\/\/diplomat.ie\/wp-content\/uploads\/2023\/02\/large.jpg\" \/>\n\t<meta property=\"og:image:width\" content=\"340\" \/>\n\t<meta property=\"og:image:height\" content=\"400\" \/>\n\t<meta property=\"og:image:type\" content=\"image\/jpeg\" \/>\n<meta name=\"author\" content=\"No1Diplomat\" \/>\n<meta name=\"twitter:card\" content=\"summary_large_image\" \/>\n<meta name=\"twitter:label1\" content=\"Written by\" \/>\n\t<meta name=\"twitter:data1\" content=\"No1Diplomat\" \/>\n\t<meta name=\"twitter:label2\" content=\"Est. reading time\" \/>\n\t<meta name=\"twitter:data2\" content=\"2 minutes\" \/>\n<script type=\"application\/ld+json\" class=\"yoast-schema-graph\">{\"@context\":\"https:\/\/schema.org\",\"@graph\":[{\"@type\":\"WebPage\",\"@id\":\"https:\/\/diplomat.ie\/index.php\/2023\/08\/29\/tanaiste-to-attend-informal-meetings-of-eu-ministers-for-defence-and-foreign-affairs\/\",\"url\":\"https:\/\/diplomat.ie\/index.php\/2023\/08\/29\/tanaiste-to-attend-informal-meetings-of-eu-ministers-for-defence-and-foreign-affairs\/\",\"name\":\"T\u00e1naiste to attend informal meetings of EU Ministers for Defence and Foreign Affairs - Diplomat.ie\",\"isPartOf\":{\"@id\":\"https:\/\/diplomat.ie\/#website\"},\"primaryImageOfPage\":{\"@id\":\"https:\/\/diplomat.ie\/index.php\/2023\/08\/29\/tanaiste-to-attend-informal-meetings-of-eu-ministers-for-defence-and-foreign-affairs\/#primaryimage\"},\"image\":{\"@id\":\"https:\/\/diplomat.ie\/index.php\/2023\/08\/29\/tanaiste-to-attend-informal-meetings-of-eu-ministers-for-defence-and-foreign-affairs\/#primaryimage\"},\"thumbnailUrl\":\"https:\/\/diplomat.ie\/wp-content\/uploads\/2023\/02\/large.jpg\",\"datePublished\":\"2023-08-29T13:38:59+00:00\",\"author\":{\"@id\":\"https:\/\/diplomat.ie\/#\/schema\/person\/d749373102f61a4fa79486b27250a9b0\"},\"breadcrumb\":{\"@id\":\"https:\/\/diplomat.ie\/index.php\/2023\/08\/29\/tanaiste-to-attend-informal-meetings-of-eu-ministers-for-defence-and-foreign-affairs\/#breadcrumb\"},\"inLanguage\":\"en-US\",\"potentialAction\":[{\"@type\":\"ReadAction\",\"target\":[\"https:\/\/diplomat.ie\/index.php\/2023\/08\/29\/tanaiste-to-attend-informal-meetings-of-eu-ministers-for-defence-and-foreign-affairs\/\"]}]},{\"@type\":\"ImageObject\",\"inLanguage\":\"en-US\",\"@id\":\"https:\/\/diplomat.ie\/index.php\/2023\/08\/29\/tanaiste-to-attend-informal-meetings-of-eu-ministers-for-defence-and-foreign-affairs\/#primaryimage\",\"url\":\"https:\/\/diplomat.ie\/wp-content\/uploads\/2023\/02\/large.jpg\",\"contentUrl\":\"https:\/\/diplomat.ie\/wp-content\/uploads\/2023\/02\/large.jpg\",\"width\":340,\"height\":400},{\"@type\":\"BreadcrumbList\",\"@id\":\"https:\/\/diplomat.ie\/index.php\/2023\/08\/29\/tanaiste-to-attend-informal-meetings-of-eu-ministers-for-defence-and-foreign-affairs\/#breadcrumb\",\"itemListElement\":[{\"@type\":\"ListItem\",\"position\":1,\"name\":\"Home\",\"item\":\"https:\/\/diplomat.ie\/\"},{\"@type\":\"ListItem\",\"position\":2,\"name\":\"T\u00e1naiste to attend informal meetings of EU Ministers for Defence and Foreign Affairs\"}]},{\"@type\":\"WebSite\",\"@id\":\"https:\/\/diplomat.ie\/#website\",\"url\":\"https:\/\/diplomat.ie\/\",\"name\":\"Diplomat.ie\",\"description\":\"Ireland&#039;s Diplomatic News Site\",\"potentialAction\":[{\"@type\":\"SearchAction\",\"target\":{\"@type\":\"EntryPoint\",\"urlTemplate\":\"https:\/\/diplomat.ie\/?s={search_term_string}\"},\"query-input\":{\"@type\":\"PropertyValueSpecification\",\"valueRequired\":true,\"valueName\":\"search_term_string\"}}],\"inLanguage\":\"en-US\"},{\"@type\":\"Person\",\"@id\":\"https:\/\/diplomat.ie\/#\/schema\/person\/d749373102f61a4fa79486b27250a9b0\",\"name\":\"No1Diplomat\",\"image\":{\"@type\":\"ImageObject\",\"inLanguage\":\"en-US\",\"@id\":\"https:\/\/diplomat.ie\/#\/schema\/person\/image\/\",\"url\":\"https:\/\/secure.gravatar.com\/avatar\/a33c05b239c97263fe073bc3902bb13adceb67fd301bcc257628f3ce3c62c6b2?s=96&d=mm&r=g\",\"contentUrl\":\"https:\/\/secure.gravatar.com\/avatar\/a33c05b239c97263fe073bc3902bb13adceb67fd301bcc257628f3ce3c62c6b2?s=96&d=mm&r=g\",\"caption\":\"No1Diplomat\"},\"sameAs\":[\"http:\/\/diplomat.ie\"],\"url\":\"https:\/\/diplomat.ie\/index.php\/author\/no1diplomat\/\"}]}<\/script>\n<!-- \/ Yoast SEO plugin. -->","yoast_head_json":{"title":"T\u00e1naiste to attend informal meetings of EU Ministers for Defence and Foreign Affairs - Diplomat.ie","robots":{"index":"index","follow":"follow","max-snippet":"max-snippet:-1","max-image-preview":"max-image-preview:large","max-video-preview":"max-video-preview:-1"},"canonical":"https:\/\/diplomat.ie\/index.php\/2023\/08\/29\/tanaiste-to-attend-informal-meetings-of-eu-ministers-for-defence-and-foreign-affairs\/","og_locale":"en_US","og_type":"article","og_title":"T\u00e1naiste to attend informal meetings of EU Ministers for Defence and Foreign Affairs - Diplomat.ie","og_description":"T\u00e1naiste, Minister for Foreign Affairs and Minister for Defence, Miche\u00e1l Martin TD will attend informal meetings of EU Ministers for Defence and Ministers for Foreign Affairs hosted by Spain in Toledo, in their capacity as the current Presidency of the Council of the European Union. EU Defence Ministers will meet on 29-30 August, while discussions&hellip;","og_url":"https:\/\/diplomat.ie\/index.php\/2023\/08\/29\/tanaiste-to-attend-informal-meetings-of-eu-ministers-for-defence-and-foreign-affairs\/","og_site_name":"Diplomat.ie","article_published_time":"2023-08-29T13:38:59+00:00","og_image":[{"width":340,"height":400,"url":"http:\/\/diplomat.ie\/wp-content\/uploads\/2023\/02\/large.jpg","type":"image\/jpeg"}],"author":"No1Diplomat","twitter_card":"summary_large_image","twitter_misc":{"Written by":"No1Diplomat","Est. reading time":"2 minutes"},"schema":{"@context":"https:\/\/schema.org","@graph":[{"@type":"WebPage","@id":"https:\/\/diplomat.ie\/index.php\/2023\/08\/29\/tanaiste-to-attend-informal-meetings-of-eu-ministers-for-defence-and-foreign-affairs\/","url":"https:\/\/diplomat.ie\/index.php\/2023\/08\/29\/tanaiste-to-attend-informal-meetings-of-eu-ministers-for-defence-and-foreign-affairs\/","name":"T\u00e1naiste to attend informal meetings of EU Ministers for Defence and Foreign Affairs - Diplomat.ie","isPartOf":{"@id":"https:\/\/diplomat.ie\/#website"},"primaryImageOfPage":{"@id":"https:\/\/diplomat.ie\/index.php\/2023\/08\/29\/tanaiste-to-attend-informal-meetings-of-eu-ministers-for-defence-and-foreign-affairs\/#primaryimage"},"image":{"@id":"https:\/\/diplomat.ie\/index.php\/2023\/08\/29\/tanaiste-to-attend-informal-meetings-of-eu-ministers-for-defence-and-foreign-affairs\/#primaryimage"},"thumbnailUrl":"https:\/\/diplomat.ie\/wp-content\/uploads\/2023\/02\/large.jpg","datePublished":"2023-08-29T13:38:59+00:00","author":{"@id":"https:\/\/diplomat.ie\/#\/schema\/person\/d749373102f61a4fa79486b27250a9b0"},"breadcrumb":{"@id":"https:\/\/diplomat.ie\/index.php\/2023\/08\/29\/tanaiste-to-attend-informal-meetings-of-eu-ministers-for-defence-and-foreign-affairs\/#breadcrumb"},"inLanguage":"en-US","potentialAction":[{"@type":"ReadAction","target":["https:\/\/diplomat.ie\/index.php\/2023\/08\/29\/tanaiste-to-attend-informal-meetings-of-eu-ministers-for-defence-and-foreign-affairs\/"]}]},{"@type":"ImageObject","inLanguage":"en-US","@id":"https:\/\/diplomat.ie\/index.php\/2023\/08\/29\/tanaiste-to-attend-informal-meetings-of-eu-ministers-for-defence-and-foreign-affairs\/#primaryimage","url":"https:\/\/diplomat.ie\/wp-content\/uploads\/2023\/02\/large.jpg","contentUrl":"https:\/\/diplomat.ie\/wp-content\/uploads\/2023\/02\/large.jpg","width":340,"height":400},{"@type":"BreadcrumbList","@id":"https:\/\/diplomat.ie\/index.php\/2023\/08\/29\/tanaiste-to-attend-informal-meetings-of-eu-ministers-for-defence-and-foreign-affairs\/#breadcrumb","itemListElement":[{"@type":"ListItem","position":1,"name":"Home","item":"https:\/\/diplomat.ie\/"},{"@type":"ListItem","position":2,"name":"T\u00e1naiste to attend informal meetings of EU Ministers for Defence and Foreign Affairs"}]},{"@type":"WebSite","@id":"https:\/\/diplomat.ie\/#website","url":"https:\/\/diplomat.ie\/","name":"Diplomat.ie","description":"Ireland&#039;s Diplomatic News Site","potentialAction":[{"@type":"SearchAction","target":{"@type":"EntryPoint","urlTemplate":"https:\/\/diplomat.ie\/?s={search_term_string}"},"query-input":{"@type":"PropertyValueSpecification","valueRequired":true,"valueName":"search_term_string"}}],"inLanguage":"en-US"},{"@type":"Person","@id":"https:\/\/diplomat.ie\/#\/schema\/person\/d749373102f61a4fa79486b27250a9b0","name":"No1Diplomat","image":{"@type":"ImageObject","inLanguage":"en-US","@id":"https:\/\/diplomat.ie\/#\/schema\/person\/image\/","url":"https:\/\/secure.gravatar.com\/avatar\/a33c05b239c97263fe073bc3902bb13adceb67fd301bcc257628f3ce3c62c6b2?s=96&d=mm&r=g","contentUrl":"https:\/\/secure.gravatar.com\/avatar\/a33c05b239c97263fe073bc3902bb13adceb67fd301bcc257628f3ce3c62c6b2?s=96&d=mm&r=g","caption":"No1Diplomat"},"sameAs":["http:\/\/diplomat.ie"],"url":"https:\/\/diplomat.ie\/index.php\/author\/no1diplomat\/"}]}},"rttpg_featured_image_url":{"full":["https:\/\/diplomat.ie\/wp-content\/uploads\/2023\/02\/large.jpg",340,400,false],"landscape":["https:\/\/diplomat.ie\/wp-content\/uploads\/2023\/02\/large.jpg",340,400,false],"portraits":["https:\/\/diplomat.ie\/wp-content\/uploads\/2023\/02\/large.jpg",340,400,false],"thumbnail":["https:\/\/diplomat.ie\/wp-content\/uploads\/2023\/02\/large-150x150.jpg",150,150,true],"medium":["https:\/\/diplomat.ie\/wp-content\/uploads\/2023\/02\/large-255x300.jpg",255,300,true],"large":["https:\/\/diplomat.ie\/wp-content\/uploads\/2023\/02\/large.jpg",340,400,false],"1536x1536":["https:\/\/diplomat.ie\/wp-content\/uploads\/2023\/02\/large.jpg",340,400,false],"2048x2048":["https:\/\/diplomat.ie\/wp-content\/uploads\/2023\/02\/large.jpg",340,400,false]},"rttpg_author":{"display_name":"No1Diplomat","author_link":"https:\/\/diplomat.ie\/index.php\/author\/no1diplomat\/"},"rttpg_comment":0,"rttpg_category":"<a href=\"https:\/\/diplomat.ie\/index.php\/category\/latest-news\/\" rel=\"category tag\">Latest News<\/a>","rttpg_excerpt":"T\u00e1naiste, Minister for Foreign Affairs and Minister for Defence, Miche\u00e1l Martin TD will attend informal meetings of EU Ministers for Defence and Ministers for Foreign Affairs hosted by Spain in Toledo, in their capacity as the current Presidency of the Council of the European Union. EU Defence Ministers will meet on 29-30 August, while discussions&hellip;","_links":{"self":[{"href":"https:\/\/diplomat.ie\/index.php\/wp-json\/wp\/v2\/posts\/717","targetHints":{"allow":["GET"]}}],"collection":[{"href":"https:\/\/diplomat.ie\/index.php\/wp-json\/wp\/v2\/posts"}],"about":[{"href":"https:\/\/diplomat.ie\/index.php\/wp-json\/wp\/v2\/types\/post"}],"author":[{"embeddable":true,"href":"https:\/\/diplomat.ie\/index.php\/wp-json\/wp\/v2\/users\/1"}],"replies":[{"embeddable":true,"href":"https:\/\/diplomat.ie\/index.php\/wp-json\/wp\/v2\/comments?post=717"}],"version-history":[{"count":1,"href":"https:\/\/diplomat.ie\/index.php\/wp-json\/wp\/v2\/posts\/717\/revisions"}],"predecessor-version":[{"id":718,"href":"https:\/\/diplomat.ie\/index.php\/wp-json\/wp\/v2\/posts\/717\/revisions\/718"}],"wp:featuredmedia":[{"embeddable":true,"href":"https:\/\/diplomat.ie\/index.php\/wp-json\/wp\/v2\/media\/586"}],"wp:attachment":[{"href":"https:\/\/diplomat.ie\/index.php\/wp-json\/wp\/v2\/media?parent=717"}],"wp:term":[{"taxonomy":"category","embeddable":true,"href":"https:\/\/diplomat.ie\/index.php\/wp-json\/wp\/v2\/categories?post=717"},{"taxonomy":"post_tag","embeddable":true,"href":"https:\/\/diplomat.ie\/index.php\/wp-json\/wp\/v2\/tags?post=717"}],"curies":[{"name":"wp","href":"https:\/\/api.w.org\/{rel}","templated":true}]}}