{"id":811,"date":"2024-02-09T11:41:15","date_gmt":"2024-02-09T11:41:15","guid":{"rendered":"https:\/\/diplomat.ie\/?p=811"},"modified":"2024-02-09T11:42:05","modified_gmt":"2024-02-09T11:42:05","slug":"tanaiste-announces-ireland-house-chicago","status":"publish","type":"post","link":"https:\/\/diplomat.ie\/index.php\/2024\/02\/09\/tanaiste-announces-ireland-house-chicago\/","title":{"rendered":"T\u00e1naiste announces Ireland House Chicago"},"content":{"rendered":"<p>The T\u00e1naiste, Minister for Foreign Affairs and Minister for Defence, Miche\u00e1l Martin TD, today announced that the Government will open a new \u2018Ireland House\u2019 in Chicago later this year.<\/p>\n<p>&nbsp;<\/p>\n<p>Ireland House will house the Consulate General of Ireland together with representatives of Ireland\u2019s economic and trade promotion agencies. The announcement comes as the T\u00e1naiste visits Chicago for a series of political, business, and community engagements.<\/p>\n<p>&nbsp;<\/p>\n<p>This new showcase premises is part of Ireland\u2019s continuing investment in a deepened and integrated diplomatic, economic, and cultural engagement in Chicago, Illinois, and across the wider Midwest of the United States, a region with a significant Irish diaspora and strong and mutually beneficial economic relationships with Ireland.<\/p>\n<p>&nbsp;<\/p>\n<p>The Midwest has a population of over 50 million, including some five million Irish Americans, and a GDP of $3.5 trillion, with a highly diversified economy. The region is home to over 100 Irish companies employing almost 25,000 people, while 312 IDA client companies in the US Midwest &amp; South region employ almost 62,000 people in Ireland.<\/p>\n<p>&nbsp;<\/p>\n<p>Welcoming the announcement, the T\u00e1naiste said: \u201cOur Strategy for the United States sets out a clear commitment to strengthening our relationships with States and regions across the country. Opening a new Ireland House in Chicago is a clear signal of this intent and of our desire to grow Ireland\u2019s connections in Chicago and the wider Midwestern United States.<\/p>\n<p>&nbsp;<\/p>\n<p>\u201cOur historic relationships here are built on an energetic and engaged Irish community and vibrant economic and cultural links. Ireland House Chicago will mark a new and exciting chapter and play a central role in unlocking potential and new opportunities that will benefit both Ireland and the Midwest.\u201d<\/p>\n<p>&nbsp;<\/p>\n<p>Mayor of Chicago, Brandon Johnson, added: &#8220;We warmly welcome Ireland House to the great city of Chicago,&#8221; said Chicago Mayor Brandon Johnson. &#8220;This is a testament to the enduring bond between Chicago and Ireland, including our cherished sister city, Galway. We invite Irish visitors and businesses to visit and experience the beauty of our city. We look forward to collaborating with the Consulate General of Ireland to ensure that this hub not only opens doors to enhanced economic opportunities but also fosters cultural exchanges.&#8221;<\/p>\n<p>&nbsp;<\/p>\n<p>Michael Fassnacht, President and CEO of World Business Chicago added: &#8220;On behalf of the Chicagoland region&#8217;s business community, we congratulate Ireland on this ambitious commitment to driving economic development with the opening of Ireland House Chicago. I expect this innovative hub will be a valuable addition to the Chicagoland region&#8217;s global economic engagement by fostering economic collaboration and innovation. We are enthusiastic about facilitating trade and investment initiatives that not only enhance our local economy but also contribute to the growth of the Midwest region.&#8221;<\/p>\n","protected":false},"excerpt":{"rendered":"<p>The T\u00e1naiste, Minister for Foreign Affairs and Minister for Defence, Miche\u00e1l Martin TD, today announced that the Government will open a new \u2018Ireland House\u2019 in Chicago later this year. &nbsp; Ireland House will house the Consulate General of Ireland together with representatives of Ireland\u2019s economic and trade promotion agencies. The announcement comes as the T\u00e1naiste&hellip;<\/p>\n","protected":false},"author":1,"featured_media":586,"comment_status":"closed","ping_status":"closed","sticky":false,"template":"","format":"standard","meta":{"footnotes":""},"categories":[3],"tags":[],"class_list":["post-811","post","type-post","status-publish","format-standard","has-post-thumbnail","hentry","category-latest-news","category-3","description-off"],"yoast_head":"<!-- This site is optimized with the Yoast SEO plugin v25.6 - https:\/\/yoast.com\/wordpress\/plugins\/seo\/ -->\n<title>T\u00e1naiste announces Ireland House Chicago - Diplomat.ie<\/title>\n<meta name=\"robots\" content=\"index, follow, max-snippet:-1, max-image-preview:large, max-video-preview:-1\" \/>\n<link rel=\"canonical\" href=\"https:\/\/diplomat.ie\/index.php\/2024\/02\/09\/tanaiste-announces-ireland-house-chicago\/\" \/>\n<meta property=\"og:locale\" content=\"en_US\" \/>\n<meta property=\"og:type\" content=\"article\" \/>\n<meta property=\"og:title\" content=\"T\u00e1naiste announces Ireland House Chicago - Diplomat.ie\" \/>\n<meta property=\"og:description\" content=\"The T\u00e1naiste, Minister for Foreign Affairs and Minister for Defence, Miche\u00e1l Martin TD, today announced that the Government will open a new \u2018Ireland House\u2019 in Chicago later this year. &nbsp; Ireland House will house the Consulate General of Ireland together with representatives of Ireland\u2019s economic and trade promotion agencies. The announcement comes as the T\u00e1naiste&hellip;\" \/>\n<meta property=\"og:url\" content=\"https:\/\/diplomat.ie\/index.php\/2024\/02\/09\/tanaiste-announces-ireland-house-chicago\/\" \/>\n<meta property=\"og:site_name\" content=\"Diplomat.ie\" \/>\n<meta property=\"article:published_time\" content=\"2024-02-09T11:41:15+00:00\" \/>\n<meta property=\"article:modified_time\" content=\"2024-02-09T11:42:05+00:00\" \/>\n<meta property=\"og:image\" content=\"http:\/\/diplomat.ie\/wp-content\/uploads\/2023\/02\/large.jpg\" \/>\n\t<meta property=\"og:image:width\" content=\"340\" \/>\n\t<meta property=\"og:image:height\" content=\"400\" \/>\n\t<meta property=\"og:image:type\" content=\"image\/jpeg\" \/>\n<meta name=\"author\" content=\"No1Diplomat\" \/>\n<meta name=\"twitter:card\" content=\"summary_large_image\" \/>\n<meta name=\"twitter:label1\" content=\"Written by\" \/>\n\t<meta name=\"twitter:data1\" content=\"No1Diplomat\" \/>\n\t<meta name=\"twitter:label2\" content=\"Est. reading time\" \/>\n\t<meta name=\"twitter:data2\" content=\"2 minutes\" \/>\n<script type=\"application\/ld+json\" class=\"yoast-schema-graph\">{\"@context\":\"https:\/\/schema.org\",\"@graph\":[{\"@type\":\"WebPage\",\"@id\":\"https:\/\/diplomat.ie\/index.php\/2024\/02\/09\/tanaiste-announces-ireland-house-chicago\/\",\"url\":\"https:\/\/diplomat.ie\/index.php\/2024\/02\/09\/tanaiste-announces-ireland-house-chicago\/\",\"name\":\"T\u00e1naiste announces Ireland House Chicago - Diplomat.ie\",\"isPartOf\":{\"@id\":\"https:\/\/diplomat.ie\/#website\"},\"primaryImageOfPage\":{\"@id\":\"https:\/\/diplomat.ie\/index.php\/2024\/02\/09\/tanaiste-announces-ireland-house-chicago\/#primaryimage\"},\"image\":{\"@id\":\"https:\/\/diplomat.ie\/index.php\/2024\/02\/09\/tanaiste-announces-ireland-house-chicago\/#primaryimage\"},\"thumbnailUrl\":\"https:\/\/diplomat.ie\/wp-content\/uploads\/2023\/02\/large.jpg\",\"datePublished\":\"2024-02-09T11:41:15+00:00\",\"dateModified\":\"2024-02-09T11:42:05+00:00\",\"author\":{\"@id\":\"https:\/\/diplomat.ie\/#\/schema\/person\/d749373102f61a4fa79486b27250a9b0\"},\"breadcrumb\":{\"@id\":\"https:\/\/diplomat.ie\/index.php\/2024\/02\/09\/tanaiste-announces-ireland-house-chicago\/#breadcrumb\"},\"inLanguage\":\"en-US\",\"potentialAction\":[{\"@type\":\"ReadAction\",\"target\":[\"https:\/\/diplomat.ie\/index.php\/2024\/02\/09\/tanaiste-announces-ireland-house-chicago\/\"]}]},{\"@type\":\"ImageObject\",\"inLanguage\":\"en-US\",\"@id\":\"https:\/\/diplomat.ie\/index.php\/2024\/02\/09\/tanaiste-announces-ireland-house-chicago\/#primaryimage\",\"url\":\"https:\/\/diplomat.ie\/wp-content\/uploads\/2023\/02\/large.jpg\",\"contentUrl\":\"https:\/\/diplomat.ie\/wp-content\/uploads\/2023\/02\/large.jpg\",\"width\":340,\"height\":400},{\"@type\":\"BreadcrumbList\",\"@id\":\"https:\/\/diplomat.ie\/index.php\/2024\/02\/09\/tanaiste-announces-ireland-house-chicago\/#breadcrumb\",\"itemListElement\":[{\"@type\":\"ListItem\",\"position\":1,\"name\":\"Home\",\"item\":\"https:\/\/diplomat.ie\/\"},{\"@type\":\"ListItem\",\"position\":2,\"name\":\"T\u00e1naiste announces Ireland House Chicago\"}]},{\"@type\":\"WebSite\",\"@id\":\"https:\/\/diplomat.ie\/#website\",\"url\":\"https:\/\/diplomat.ie\/\",\"name\":\"Diplomat.ie\",\"description\":\"Ireland&#039;s Diplomatic News Site\",\"potentialAction\":[{\"@type\":\"SearchAction\",\"target\":{\"@type\":\"EntryPoint\",\"urlTemplate\":\"https:\/\/diplomat.ie\/?s={search_term_string}\"},\"query-input\":{\"@type\":\"PropertyValueSpecification\",\"valueRequired\":true,\"valueName\":\"search_term_string\"}}],\"inLanguage\":\"en-US\"},{\"@type\":\"Person\",\"@id\":\"https:\/\/diplomat.ie\/#\/schema\/person\/d749373102f61a4fa79486b27250a9b0\",\"name\":\"No1Diplomat\",\"image\":{\"@type\":\"ImageObject\",\"inLanguage\":\"en-US\",\"@id\":\"https:\/\/diplomat.ie\/#\/schema\/person\/image\/\",\"url\":\"https:\/\/secure.gravatar.com\/avatar\/a33c05b239c97263fe073bc3902bb13adceb67fd301bcc257628f3ce3c62c6b2?s=96&d=mm&r=g\",\"contentUrl\":\"https:\/\/secure.gravatar.com\/avatar\/a33c05b239c97263fe073bc3902bb13adceb67fd301bcc257628f3ce3c62c6b2?s=96&d=mm&r=g\",\"caption\":\"No1Diplomat\"},\"sameAs\":[\"http:\/\/diplomat.ie\"],\"url\":\"https:\/\/diplomat.ie\/index.php\/author\/no1diplomat\/\"}]}<\/script>\n<!-- \/ Yoast SEO plugin. -->","yoast_head_json":{"title":"T\u00e1naiste announces Ireland House Chicago - Diplomat.ie","robots":{"index":"index","follow":"follow","max-snippet":"max-snippet:-1","max-image-preview":"max-image-preview:large","max-video-preview":"max-video-preview:-1"},"canonical":"https:\/\/diplomat.ie\/index.php\/2024\/02\/09\/tanaiste-announces-ireland-house-chicago\/","og_locale":"en_US","og_type":"article","og_title":"T\u00e1naiste announces Ireland House Chicago - Diplomat.ie","og_description":"The T\u00e1naiste, Minister for Foreign Affairs and Minister for Defence, Miche\u00e1l Martin TD, today announced that the Government will open a new \u2018Ireland House\u2019 in Chicago later this year. &nbsp; Ireland House will house the Consulate General of Ireland together with representatives of Ireland\u2019s economic and trade promotion agencies. The announcement comes as the T\u00e1naiste&hellip;","og_url":"https:\/\/diplomat.ie\/index.php\/2024\/02\/09\/tanaiste-announces-ireland-house-chicago\/","og_site_name":"Diplomat.ie","article_published_time":"2024-02-09T11:41:15+00:00","article_modified_time":"2024-02-09T11:42:05+00:00","og_image":[{"width":340,"height":400,"url":"http:\/\/diplomat.ie\/wp-content\/uploads\/2023\/02\/large.jpg","type":"image\/jpeg"}],"author":"No1Diplomat","twitter_card":"summary_large_image","twitter_misc":{"Written by":"No1Diplomat","Est. reading time":"2 minutes"},"schema":{"@context":"https:\/\/schema.org","@graph":[{"@type":"WebPage","@id":"https:\/\/diplomat.ie\/index.php\/2024\/02\/09\/tanaiste-announces-ireland-house-chicago\/","url":"https:\/\/diplomat.ie\/index.php\/2024\/02\/09\/tanaiste-announces-ireland-house-chicago\/","name":"T\u00e1naiste announces Ireland House Chicago - Diplomat.ie","isPartOf":{"@id":"https:\/\/diplomat.ie\/#website"},"primaryImageOfPage":{"@id":"https:\/\/diplomat.ie\/index.php\/2024\/02\/09\/tanaiste-announces-ireland-house-chicago\/#primaryimage"},"image":{"@id":"https:\/\/diplomat.ie\/index.php\/2024\/02\/09\/tanaiste-announces-ireland-house-chicago\/#primaryimage"},"thumbnailUrl":"https:\/\/diplomat.ie\/wp-content\/uploads\/2023\/02\/large.jpg","datePublished":"2024-02-09T11:41:15+00:00","dateModified":"2024-02-09T11:42:05+00:00","author":{"@id":"https:\/\/diplomat.ie\/#\/schema\/person\/d749373102f61a4fa79486b27250a9b0"},"breadcrumb":{"@id":"https:\/\/diplomat.ie\/index.php\/2024\/02\/09\/tanaiste-announces-ireland-house-chicago\/#breadcrumb"},"inLanguage":"en-US","potentialAction":[{"@type":"ReadAction","target":["https:\/\/diplomat.ie\/index.php\/2024\/02\/09\/tanaiste-announces-ireland-house-chicago\/"]}]},{"@type":"ImageObject","inLanguage":"en-US","@id":"https:\/\/diplomat.ie\/index.php\/2024\/02\/09\/tanaiste-announces-ireland-house-chicago\/#primaryimage","url":"https:\/\/diplomat.ie\/wp-content\/uploads\/2023\/02\/large.jpg","contentUrl":"https:\/\/diplomat.ie\/wp-content\/uploads\/2023\/02\/large.jpg","width":340,"height":400},{"@type":"BreadcrumbList","@id":"https:\/\/diplomat.ie\/index.php\/2024\/02\/09\/tanaiste-announces-ireland-house-chicago\/#breadcrumb","itemListElement":[{"@type":"ListItem","position":1,"name":"Home","item":"https:\/\/diplomat.ie\/"},{"@type":"ListItem","position":2,"name":"T\u00e1naiste announces Ireland House Chicago"}]},{"@type":"WebSite","@id":"https:\/\/diplomat.ie\/#website","url":"https:\/\/diplomat.ie\/","name":"Diplomat.ie","description":"Ireland&#039;s Diplomatic News Site","potentialAction":[{"@type":"SearchAction","target":{"@type":"EntryPoint","urlTemplate":"https:\/\/diplomat.ie\/?s={search_term_string}"},"query-input":{"@type":"PropertyValueSpecification","valueRequired":true,"valueName":"search_term_string"}}],"inLanguage":"en-US"},{"@type":"Person","@id":"https:\/\/diplomat.ie\/#\/schema\/person\/d749373102f61a4fa79486b27250a9b0","name":"No1Diplomat","image":{"@type":"ImageObject","inLanguage":"en-US","@id":"https:\/\/diplomat.ie\/#\/schema\/person\/image\/","url":"https:\/\/secure.gravatar.com\/avatar\/a33c05b239c97263fe073bc3902bb13adceb67fd301bcc257628f3ce3c62c6b2?s=96&d=mm&r=g","contentUrl":"https:\/\/secure.gravatar.com\/avatar\/a33c05b239c97263fe073bc3902bb13adceb67fd301bcc257628f3ce3c62c6b2?s=96&d=mm&r=g","caption":"No1Diplomat"},"sameAs":["http:\/\/diplomat.ie"],"url":"https:\/\/diplomat.ie\/index.php\/author\/no1diplomat\/"}]}},"rttpg_featured_image_url":{"full":["https:\/\/diplomat.ie\/wp-content\/uploads\/2023\/02\/large.jpg",340,400,false],"landscape":["https:\/\/diplomat.ie\/wp-content\/uploads\/2023\/02\/large.jpg",340,400,false],"portraits":["https:\/\/diplomat.ie\/wp-content\/uploads\/2023\/02\/large.jpg",340,400,false],"thumbnail":["https:\/\/diplomat.ie\/wp-content\/uploads\/2023\/02\/large-150x150.jpg",150,150,true],"medium":["https:\/\/diplomat.ie\/wp-content\/uploads\/2023\/02\/large-255x300.jpg",255,300,true],"large":["https:\/\/diplomat.ie\/wp-content\/uploads\/2023\/02\/large.jpg",340,400,false],"1536x1536":["https:\/\/diplomat.ie\/wp-content\/uploads\/2023\/02\/large.jpg",340,400,false],"2048x2048":["https:\/\/diplomat.ie\/wp-content\/uploads\/2023\/02\/large.jpg",340,400,false]},"rttpg_author":{"display_name":"No1Diplomat","author_link":"https:\/\/diplomat.ie\/index.php\/author\/no1diplomat\/"},"rttpg_comment":0,"rttpg_category":"<a href=\"https:\/\/diplomat.ie\/index.php\/category\/latest-news\/\" rel=\"category tag\">Latest News<\/a>","rttpg_excerpt":"The T\u00e1naiste, Minister for Foreign Affairs and Minister for Defence, Miche\u00e1l Martin TD, today announced that the Government will open a new \u2018Ireland House\u2019 in Chicago later this year. &nbsp; Ireland House will house the Consulate General of Ireland together with representatives of Ireland\u2019s economic and trade promotion agencies. The announcement comes as the T\u00e1naiste&hellip;","_links":{"self":[{"href":"https:\/\/diplomat.ie\/index.php\/wp-json\/wp\/v2\/posts\/811","targetHints":{"allow":["GET"]}}],"collection":[{"href":"https:\/\/diplomat.ie\/index.php\/wp-json\/wp\/v2\/posts"}],"about":[{"href":"https:\/\/diplomat.ie\/index.php\/wp-json\/wp\/v2\/types\/post"}],"author":[{"embeddable":true,"href":"https:\/\/diplomat.ie\/index.php\/wp-json\/wp\/v2\/users\/1"}],"replies":[{"embeddable":true,"href":"https:\/\/diplomat.ie\/index.php\/wp-json\/wp\/v2\/comments?post=811"}],"version-history":[{"count":1,"href":"https:\/\/diplomat.ie\/index.php\/wp-json\/wp\/v2\/posts\/811\/revisions"}],"predecessor-version":[{"id":812,"href":"https:\/\/diplomat.ie\/index.php\/wp-json\/wp\/v2\/posts\/811\/revisions\/812"}],"wp:featuredmedia":[{"embeddable":true,"href":"https:\/\/diplomat.ie\/index.php\/wp-json\/wp\/v2\/media\/586"}],"wp:attachment":[{"href":"https:\/\/diplomat.ie\/index.php\/wp-json\/wp\/v2\/media?parent=811"}],"wp:term":[{"taxonomy":"category","embeddable":true,"href":"https:\/\/diplomat.ie\/index.php\/wp-json\/wp\/v2\/categories?post=811"},{"taxonomy":"post_tag","embeddable":true,"href":"https:\/\/diplomat.ie\/index.php\/wp-json\/wp\/v2\/tags?post=811"}],"curies":[{"name":"wp","href":"https:\/\/api.w.org\/{rel}","templated":true}]}}