{"id":965,"date":"2024-09-17T11:19:15","date_gmt":"2024-09-17T11:19:15","guid":{"rendered":"https:\/\/diplomat.ie\/?p=965"},"modified":"2024-09-17T11:19:15","modified_gmt":"2024-09-17T11:19:15","slug":"ukrainian-refugees-talk-about-rebuilding-lives-in-ireland","status":"publish","type":"post","link":"https:\/\/diplomat.ie\/index.php\/2024\/09\/17\/ukrainian-refugees-talk-about-rebuilding-lives-in-ireland\/","title":{"rendered":"Ukrainian refugees talk about rebuilding lives in Ireland"},"content":{"rendered":"<p><em>Idir Dh\u00e1 Bhaile &#8211; \u00f3 Ch\u00edv go Corcaigh<\/em>, a documentary for TG4, explores the challenges faced by one family of Ukrainian refugees as they try to rebuild their lives in Ireland. <strong>The film recalls Nadia Dobrianska and her family\u2019s emotional journey from Kyiv to Cork and delves into the uncertainty faced by refugees while war ravages their home country.\u00a0<\/strong><\/p>\n<p>For Nadia Dobrianska, a fluent Irish speaker, the decision to settle in Ireland made sense; but it has not been without consequence. The family have suffered unimaginable loss at the hands of war and now find themselves torn between two countries.<\/p>\n<p>Filmed over the course of their first two years in Ireland, the film sees Nadia and her father Leo as they grapple with their new life in Ireland, come to terms with what they have left behind in Ukraine, and try to imagine what their futures may look like in a world of uncertainty.<\/p>\n<blockquote><p>Director Sin\u00e9ad Ingoldsby says: \u201cNadia and Leo&#8217;s deeply moving story gets behind the headlines to tell of the devastating effects of war and displacement on one family.\u00a0 In sharing their personal trauma, they demonstrate the resilience, generosity, and spirit of Ireland&#8217;s new Ukrainian community\u201d.<\/p><\/blockquote>\n<p>Produced by Below the Radar TV, with support from Northern Ireland Screen\u2019s Irish Language Broadcast Fund,\u00a0<em>Idir Dh\u00e1 Bhaile &#8211; \u00f3 Ch\u00edv go Corcaigh<\/em>\u00a0will broadcast on TG4 on September 25th at 9:30 pm.<\/p>\n","protected":false},"excerpt":{"rendered":"<p>Idir Dh\u00e1 Bhaile &#8211; \u00f3 Ch\u00edv go Corcaigh, a documentary for TG4, explores the challenges faced by one family of Ukrainian refugees as they try to rebuild their lives in Ireland. The film recalls Nadia Dobrianska and her family\u2019s emotional journey from Kyiv to Cork and delves into the uncertainty faced by refugees while war&hellip;<\/p>\n","protected":false},"author":1,"featured_media":966,"comment_status":"closed","ping_status":"closed","sticky":false,"template":"","format":"standard","meta":{"footnotes":""},"categories":[3,5],"tags":[],"class_list":["post-965","post","type-post","status-publish","format-standard","has-post-thumbnail","hentry","category-latest-news","category-travel","category-3","category-5","description-off"],"yoast_head":"<!-- This site is optimized with the Yoast SEO plugin v25.6 - https:\/\/yoast.com\/wordpress\/plugins\/seo\/ -->\n<title>Ukrainian refugees talk about rebuilding lives in Ireland - Diplomat.ie<\/title>\n<meta name=\"robots\" content=\"index, follow, max-snippet:-1, max-image-preview:large, max-video-preview:-1\" \/>\n<link rel=\"canonical\" href=\"https:\/\/diplomat.ie\/index.php\/2024\/09\/17\/ukrainian-refugees-talk-about-rebuilding-lives-in-ireland\/\" \/>\n<meta property=\"og:locale\" content=\"en_US\" \/>\n<meta property=\"og:type\" content=\"article\" \/>\n<meta property=\"og:title\" content=\"Ukrainian refugees talk about rebuilding lives in Ireland - Diplomat.ie\" \/>\n<meta property=\"og:description\" content=\"Idir Dh\u00e1 Bhaile &#8211; \u00f3 Ch\u00edv go Corcaigh, a documentary for TG4, explores the challenges faced by one family of Ukrainian refugees as they try to rebuild their lives in Ireland. The film recalls Nadia Dobrianska and her family\u2019s emotional journey from Kyiv to Cork and delves into the uncertainty faced by refugees while war&hellip;\" \/>\n<meta property=\"og:url\" content=\"https:\/\/diplomat.ie\/index.php\/2024\/09\/17\/ukrainian-refugees-talk-about-rebuilding-lives-in-ireland\/\" \/>\n<meta property=\"og:site_name\" content=\"Diplomat.ie\" \/>\n<meta property=\"article:published_time\" content=\"2024-09-17T11:19:15+00:00\" \/>\n<meta property=\"og:image\" content=\"http:\/\/diplomat.ie\/wp-content\/uploads\/2024\/09\/business-cork-feature-image-3.jpg\" \/>\n\t<meta property=\"og:image:width\" content=\"1350\" \/>\n\t<meta property=\"og:image:height\" content=\"1080\" \/>\n\t<meta property=\"og:image:type\" content=\"image\/jpeg\" \/>\n<meta name=\"author\" content=\"No1Diplomat\" \/>\n<meta name=\"twitter:card\" content=\"summary_large_image\" \/>\n<meta name=\"twitter:label1\" content=\"Written by\" \/>\n\t<meta name=\"twitter:data1\" content=\"No1Diplomat\" \/>\n\t<meta name=\"twitter:label2\" content=\"Est. reading time\" \/>\n\t<meta name=\"twitter:data2\" content=\"2 minutes\" \/>\n<script type=\"application\/ld+json\" class=\"yoast-schema-graph\">{\"@context\":\"https:\/\/schema.org\",\"@graph\":[{\"@type\":\"WebPage\",\"@id\":\"https:\/\/diplomat.ie\/index.php\/2024\/09\/17\/ukrainian-refugees-talk-about-rebuilding-lives-in-ireland\/\",\"url\":\"https:\/\/diplomat.ie\/index.php\/2024\/09\/17\/ukrainian-refugees-talk-about-rebuilding-lives-in-ireland\/\",\"name\":\"Ukrainian refugees talk about rebuilding lives in Ireland - Diplomat.ie\",\"isPartOf\":{\"@id\":\"https:\/\/diplomat.ie\/#website\"},\"primaryImageOfPage\":{\"@id\":\"https:\/\/diplomat.ie\/index.php\/2024\/09\/17\/ukrainian-refugees-talk-about-rebuilding-lives-in-ireland\/#primaryimage\"},\"image\":{\"@id\":\"https:\/\/diplomat.ie\/index.php\/2024\/09\/17\/ukrainian-refugees-talk-about-rebuilding-lives-in-ireland\/#primaryimage\"},\"thumbnailUrl\":\"https:\/\/diplomat.ie\/wp-content\/uploads\/2024\/09\/business-cork-feature-image-3.jpg\",\"datePublished\":\"2024-09-17T11:19:15+00:00\",\"author\":{\"@id\":\"https:\/\/diplomat.ie\/#\/schema\/person\/d749373102f61a4fa79486b27250a9b0\"},\"breadcrumb\":{\"@id\":\"https:\/\/diplomat.ie\/index.php\/2024\/09\/17\/ukrainian-refugees-talk-about-rebuilding-lives-in-ireland\/#breadcrumb\"},\"inLanguage\":\"en-US\",\"potentialAction\":[{\"@type\":\"ReadAction\",\"target\":[\"https:\/\/diplomat.ie\/index.php\/2024\/09\/17\/ukrainian-refugees-talk-about-rebuilding-lives-in-ireland\/\"]}]},{\"@type\":\"ImageObject\",\"inLanguage\":\"en-US\",\"@id\":\"https:\/\/diplomat.ie\/index.php\/2024\/09\/17\/ukrainian-refugees-talk-about-rebuilding-lives-in-ireland\/#primaryimage\",\"url\":\"https:\/\/diplomat.ie\/wp-content\/uploads\/2024\/09\/business-cork-feature-image-3.jpg\",\"contentUrl\":\"https:\/\/diplomat.ie\/wp-content\/uploads\/2024\/09\/business-cork-feature-image-3.jpg\",\"width\":1350,\"height\":1080},{\"@type\":\"BreadcrumbList\",\"@id\":\"https:\/\/diplomat.ie\/index.php\/2024\/09\/17\/ukrainian-refugees-talk-about-rebuilding-lives-in-ireland\/#breadcrumb\",\"itemListElement\":[{\"@type\":\"ListItem\",\"position\":1,\"name\":\"Home\",\"item\":\"https:\/\/diplomat.ie\/\"},{\"@type\":\"ListItem\",\"position\":2,\"name\":\"Ukrainian refugees talk about rebuilding lives in Ireland\"}]},{\"@type\":\"WebSite\",\"@id\":\"https:\/\/diplomat.ie\/#website\",\"url\":\"https:\/\/diplomat.ie\/\",\"name\":\"Diplomat.ie\",\"description\":\"Ireland&#039;s Diplomatic News Site\",\"potentialAction\":[{\"@type\":\"SearchAction\",\"target\":{\"@type\":\"EntryPoint\",\"urlTemplate\":\"https:\/\/diplomat.ie\/?s={search_term_string}\"},\"query-input\":{\"@type\":\"PropertyValueSpecification\",\"valueRequired\":true,\"valueName\":\"search_term_string\"}}],\"inLanguage\":\"en-US\"},{\"@type\":\"Person\",\"@id\":\"https:\/\/diplomat.ie\/#\/schema\/person\/d749373102f61a4fa79486b27250a9b0\",\"name\":\"No1Diplomat\",\"image\":{\"@type\":\"ImageObject\",\"inLanguage\":\"en-US\",\"@id\":\"https:\/\/diplomat.ie\/#\/schema\/person\/image\/\",\"url\":\"https:\/\/secure.gravatar.com\/avatar\/a33c05b239c97263fe073bc3902bb13adceb67fd301bcc257628f3ce3c62c6b2?s=96&d=mm&r=g\",\"contentUrl\":\"https:\/\/secure.gravatar.com\/avatar\/a33c05b239c97263fe073bc3902bb13adceb67fd301bcc257628f3ce3c62c6b2?s=96&d=mm&r=g\",\"caption\":\"No1Diplomat\"},\"sameAs\":[\"http:\/\/diplomat.ie\"],\"url\":\"https:\/\/diplomat.ie\/index.php\/author\/no1diplomat\/\"}]}<\/script>\n<!-- \/ Yoast SEO plugin. -->","yoast_head_json":{"title":"Ukrainian refugees talk about rebuilding lives in Ireland - Diplomat.ie","robots":{"index":"index","follow":"follow","max-snippet":"max-snippet:-1","max-image-preview":"max-image-preview:large","max-video-preview":"max-video-preview:-1"},"canonical":"https:\/\/diplomat.ie\/index.php\/2024\/09\/17\/ukrainian-refugees-talk-about-rebuilding-lives-in-ireland\/","og_locale":"en_US","og_type":"article","og_title":"Ukrainian refugees talk about rebuilding lives in Ireland - Diplomat.ie","og_description":"Idir Dh\u00e1 Bhaile &#8211; \u00f3 Ch\u00edv go Corcaigh, a documentary for TG4, explores the challenges faced by one family of Ukrainian refugees as they try to rebuild their lives in Ireland. The film recalls Nadia Dobrianska and her family\u2019s emotional journey from Kyiv to Cork and delves into the uncertainty faced by refugees while war&hellip;","og_url":"https:\/\/diplomat.ie\/index.php\/2024\/09\/17\/ukrainian-refugees-talk-about-rebuilding-lives-in-ireland\/","og_site_name":"Diplomat.ie","article_published_time":"2024-09-17T11:19:15+00:00","og_image":[{"width":1350,"height":1080,"url":"http:\/\/diplomat.ie\/wp-content\/uploads\/2024\/09\/business-cork-feature-image-3.jpg","type":"image\/jpeg"}],"author":"No1Diplomat","twitter_card":"summary_large_image","twitter_misc":{"Written by":"No1Diplomat","Est. reading time":"2 minutes"},"schema":{"@context":"https:\/\/schema.org","@graph":[{"@type":"WebPage","@id":"https:\/\/diplomat.ie\/index.php\/2024\/09\/17\/ukrainian-refugees-talk-about-rebuilding-lives-in-ireland\/","url":"https:\/\/diplomat.ie\/index.php\/2024\/09\/17\/ukrainian-refugees-talk-about-rebuilding-lives-in-ireland\/","name":"Ukrainian refugees talk about rebuilding lives in Ireland - Diplomat.ie","isPartOf":{"@id":"https:\/\/diplomat.ie\/#website"},"primaryImageOfPage":{"@id":"https:\/\/diplomat.ie\/index.php\/2024\/09\/17\/ukrainian-refugees-talk-about-rebuilding-lives-in-ireland\/#primaryimage"},"image":{"@id":"https:\/\/diplomat.ie\/index.php\/2024\/09\/17\/ukrainian-refugees-talk-about-rebuilding-lives-in-ireland\/#primaryimage"},"thumbnailUrl":"https:\/\/diplomat.ie\/wp-content\/uploads\/2024\/09\/business-cork-feature-image-3.jpg","datePublished":"2024-09-17T11:19:15+00:00","author":{"@id":"https:\/\/diplomat.ie\/#\/schema\/person\/d749373102f61a4fa79486b27250a9b0"},"breadcrumb":{"@id":"https:\/\/diplomat.ie\/index.php\/2024\/09\/17\/ukrainian-refugees-talk-about-rebuilding-lives-in-ireland\/#breadcrumb"},"inLanguage":"en-US","potentialAction":[{"@type":"ReadAction","target":["https:\/\/diplomat.ie\/index.php\/2024\/09\/17\/ukrainian-refugees-talk-about-rebuilding-lives-in-ireland\/"]}]},{"@type":"ImageObject","inLanguage":"en-US","@id":"https:\/\/diplomat.ie\/index.php\/2024\/09\/17\/ukrainian-refugees-talk-about-rebuilding-lives-in-ireland\/#primaryimage","url":"https:\/\/diplomat.ie\/wp-content\/uploads\/2024\/09\/business-cork-feature-image-3.jpg","contentUrl":"https:\/\/diplomat.ie\/wp-content\/uploads\/2024\/09\/business-cork-feature-image-3.jpg","width":1350,"height":1080},{"@type":"BreadcrumbList","@id":"https:\/\/diplomat.ie\/index.php\/2024\/09\/17\/ukrainian-refugees-talk-about-rebuilding-lives-in-ireland\/#breadcrumb","itemListElement":[{"@type":"ListItem","position":1,"name":"Home","item":"https:\/\/diplomat.ie\/"},{"@type":"ListItem","position":2,"name":"Ukrainian refugees talk about rebuilding lives in Ireland"}]},{"@type":"WebSite","@id":"https:\/\/diplomat.ie\/#website","url":"https:\/\/diplomat.ie\/","name":"Diplomat.ie","description":"Ireland&#039;s Diplomatic News Site","potentialAction":[{"@type":"SearchAction","target":{"@type":"EntryPoint","urlTemplate":"https:\/\/diplomat.ie\/?s={search_term_string}"},"query-input":{"@type":"PropertyValueSpecification","valueRequired":true,"valueName":"search_term_string"}}],"inLanguage":"en-US"},{"@type":"Person","@id":"https:\/\/diplomat.ie\/#\/schema\/person\/d749373102f61a4fa79486b27250a9b0","name":"No1Diplomat","image":{"@type":"ImageObject","inLanguage":"en-US","@id":"https:\/\/diplomat.ie\/#\/schema\/person\/image\/","url":"https:\/\/secure.gravatar.com\/avatar\/a33c05b239c97263fe073bc3902bb13adceb67fd301bcc257628f3ce3c62c6b2?s=96&d=mm&r=g","contentUrl":"https:\/\/secure.gravatar.com\/avatar\/a33c05b239c97263fe073bc3902bb13adceb67fd301bcc257628f3ce3c62c6b2?s=96&d=mm&r=g","caption":"No1Diplomat"},"sameAs":["http:\/\/diplomat.ie"],"url":"https:\/\/diplomat.ie\/index.php\/author\/no1diplomat\/"}]}},"rttpg_featured_image_url":{"full":["https:\/\/diplomat.ie\/wp-content\/uploads\/2024\/09\/business-cork-feature-image-3.jpg",1350,1080,false],"landscape":["https:\/\/diplomat.ie\/wp-content\/uploads\/2024\/09\/business-cork-feature-image-3.jpg",1350,1080,false],"portraits":["https:\/\/diplomat.ie\/wp-content\/uploads\/2024\/09\/business-cork-feature-image-3.jpg",1350,1080,false],"thumbnail":["https:\/\/diplomat.ie\/wp-content\/uploads\/2024\/09\/business-cork-feature-image-3-150x150.jpg",150,150,true],"medium":["https:\/\/diplomat.ie\/wp-content\/uploads\/2024\/09\/business-cork-feature-image-3-300x240.jpg",300,240,true],"large":["https:\/\/diplomat.ie\/wp-content\/uploads\/2024\/09\/business-cork-feature-image-3-1024x819.jpg",1024,819,true],"1536x1536":["https:\/\/diplomat.ie\/wp-content\/uploads\/2024\/09\/business-cork-feature-image-3.jpg",1350,1080,false],"2048x2048":["https:\/\/diplomat.ie\/wp-content\/uploads\/2024\/09\/business-cork-feature-image-3.jpg",1350,1080,false]},"rttpg_author":{"display_name":"No1Diplomat","author_link":"https:\/\/diplomat.ie\/index.php\/author\/no1diplomat\/"},"rttpg_comment":0,"rttpg_category":"<a href=\"https:\/\/diplomat.ie\/index.php\/category\/latest-news\/\" rel=\"category tag\">Latest News<\/a> <a href=\"https:\/\/diplomat.ie\/index.php\/category\/travel\/\" rel=\"category tag\">Travel<\/a>","rttpg_excerpt":"Idir Dh\u00e1 Bhaile &#8211; \u00f3 Ch\u00edv go Corcaigh, a documentary for TG4, explores the challenges faced by one family of Ukrainian refugees as they try to rebuild their lives in Ireland. The film recalls Nadia Dobrianska and her family\u2019s emotional journey from Kyiv to Cork and delves into the uncertainty faced by refugees while war&hellip;","_links":{"self":[{"href":"https:\/\/diplomat.ie\/index.php\/wp-json\/wp\/v2\/posts\/965","targetHints":{"allow":["GET"]}}],"collection":[{"href":"https:\/\/diplomat.ie\/index.php\/wp-json\/wp\/v2\/posts"}],"about":[{"href":"https:\/\/diplomat.ie\/index.php\/wp-json\/wp\/v2\/types\/post"}],"author":[{"embeddable":true,"href":"https:\/\/diplomat.ie\/index.php\/wp-json\/wp\/v2\/users\/1"}],"replies":[{"embeddable":true,"href":"https:\/\/diplomat.ie\/index.php\/wp-json\/wp\/v2\/comments?post=965"}],"version-history":[{"count":1,"href":"https:\/\/diplomat.ie\/index.php\/wp-json\/wp\/v2\/posts\/965\/revisions"}],"predecessor-version":[{"id":967,"href":"https:\/\/diplomat.ie\/index.php\/wp-json\/wp\/v2\/posts\/965\/revisions\/967"}],"wp:featuredmedia":[{"embeddable":true,"href":"https:\/\/diplomat.ie\/index.php\/wp-json\/wp\/v2\/media\/966"}],"wp:attachment":[{"href":"https:\/\/diplomat.ie\/index.php\/wp-json\/wp\/v2\/media?parent=965"}],"wp:term":[{"taxonomy":"category","embeddable":true,"href":"https:\/\/diplomat.ie\/index.php\/wp-json\/wp\/v2\/categories?post=965"},{"taxonomy":"post_tag","embeddable":true,"href":"https:\/\/diplomat.ie\/index.php\/wp-json\/wp\/v2\/tags?post=965"}],"curies":[{"name":"wp","href":"https:\/\/api.w.org\/{rel}","templated":true}]}}